{"id":327,"date":"2024-08-23T14:32:00","date_gmt":"2024-08-23T11:32:00","guid":{"rendered":"https:\/\/tjdtuotanto.fi\/tj-design\/?p=327"},"modified":"2026-08-24T15:24:06","modified_gmt":"2026-08-24T12:24:06","slug":"terapia-esikko-asikkala","status":"publish","type":"post","link":"https:\/\/tjdtuotanto.fi\/tj-design\/2024\/08\/23\/terapia-esikko-asikkala\/","title":{"rendered":"Case: Terapia Esikko \u2013 verkkosivusto ja ilme uudelle yritykselle"},"content":{"rendered":"\n<p class=\"wp-block-paragraph\"><strong>Terapia Esikko oli yhden yritt\u00e4j\u00e4n terapiapalvelu Asikkalassa. TJ-Design rakensi uudelle yritykselle yhten\u00e4isen ja helposti l\u00e4hestytt\u00e4v\u00e4n ilmeen vuonna 2024.<\/strong><\/p>\n\n\n\n<h2 class=\"wp-block-heading\">L\u00e4ht\u00f6tilanne ja toteutus<\/h2>\n\n\n\n<p class=\"wp-block-paragraph\">Uudella yrityksell\u00e4 ei ollut aiempaa verkkosivustoa. Suunnittelimme yrityksen logon, toteutimme WordPress-verkkosivut ja rakensimme sis\u00e4ll\u00f6t ratkaisukeskeisen lyhytterapian esittelyyn. Lis\u00e4ksi yritykselle suunniteltiin yksil\u00f6lliset esitteet.<\/p>\n\n\n\n<h2 class=\"wp-block-heading\">Lopputulos<\/h2>\n\n\n\n<p class=\"wp-block-paragraph\">Rauhallinen visuaalinen ilme ja selke\u00e4 sivurakenne tekiv\u00e4t palvelusta helposti l\u00e4hestytt\u00e4v\u00e4n sek\u00e4 l\u00e4hi- ett\u00e4 et\u00e4tapaamista etsiville asiakkaille. Asiakas oli tyytyv\u00e4inen toteutukseen. Yrityksen toiminta on sittemmin p\u00e4\u00e4ttynyt, joten referenssiss\u00e4 ei ole vanhentunutta ulkoista linkki\u00e4.<\/p>\n","protected":false},"excerpt":{"rendered":"<p> Terapia Esikko tarjoaa ratkaisukeskeist\u00e4 lyhytterapiaa l\u00e4hiterapiana V\u00e4\u00e4ksyss\u00e4, sek\u00e4 et\u00e4tapaamisin. TJ-Design suunnitteli yriytksen logon, sek\u00e4 toteutti Wordpress -kotisivut alkukes\u00e4st\u00e4 2024. <\/p>\n","protected":false},"author":1,"featured_media":328,"comment_status":"closed","ping_status":"open","sticky":false,"template":"uudet-referenssit","format":"standard","meta":{"footnotes":""},"categories":[1],"tags":[64,65,7,41,25,63],"class_list":["post-327","post","type-post","status-publish","format-standard","has-post-thumbnail","hentry","category-referenssit","tag-asikkala","tag-kanta-hame","tag-kotisivut","tag-kotisivut-terapeutille","tag-kotisivut-yritykselle","tag-vaaksy"],"yoast_head":"<!-- This site is optimized with the Yoast SEO plugin v28.2 - https:\/\/yoast.com\/product\/yoast-seo-wordpress\/ -->\n<title>Terapia Esikko \u2013 verkkosivusto ja yritysilme | TJ-Design<\/title>\n<meta name=\"description\" content=\"TJ-Design suunnitteli Terapia Esikolle logon ja toteutti WordPress-verkkosivut lyhytterapia- ja et\u00e4palveluiden selke\u00e4\u00e4n esittelyyn.\" \/>\n<meta name=\"robots\" content=\"noindex, follow, max-snippet:-1, max-image-preview:large, max-video-preview:-1\" \/>\n<meta property=\"og:locale\" content=\"fi_FI\" \/>\n<meta property=\"og:type\" content=\"article\" \/>\n<meta property=\"og:title\" content=\"Terapia Esikko \u2013 verkkosivusto ja yritysilme | TJ-Design\" \/>\n<meta property=\"og:description\" content=\"TJ-Design suunnitteli Terapia Esikolle logon ja toteutti WordPress-verkkosivut lyhytterapia- ja et\u00e4palveluiden selke\u00e4\u00e4n esittelyyn.\" \/>\n<meta property=\"og:url\" content=\"https:\/\/tjdtuotanto.fi\/tj-design\/2024\/08\/23\/terapia-esikko-asikkala\/\" \/>\n<meta property=\"og:site_name\" content=\"TJ-Design\" \/>\n<meta property=\"article:publisher\" content=\"https:\/\/www.facebook.com\/tjdfi\" \/>\n<meta property=\"article:published_time\" content=\"2024-08-23T11:32:00+00:00\" \/>\n<meta property=\"article:modified_time\" content=\"2026-08-24T12:24:06+00:00\" \/>\n<meta property=\"og:image\" content=\"https:\/\/tjdtuotanto.fi\/tj-design\/wp-content\/uploads\/2024\/12\/terapia_esikko.jpg\" \/>\n\t<meta property=\"og:image:width\" content=\"1917\" \/>\n\t<meta property=\"og:image:height\" content=\"1011\" \/>\n\t<meta property=\"og:image:type\" content=\"image\/jpeg\" \/>\n<meta name=\"author\" content=\"tjdesign\" \/>\n<meta name=\"twitter:card\" content=\"summary_large_image\" \/>\n<meta name=\"twitter:label1\" content=\"Kirjoittanut\" \/>\n\t<meta name=\"twitter:data1\" content=\"tjdesign\" \/>\n\t<meta name=\"twitter:label2\" content=\"Arvioitu lukuaika\" \/>\n\t<meta name=\"twitter:data2\" content=\"1 minuutti\" \/>\n<script type=\"application\/ld+json\" class=\"yoast-schema-graph\">{\"@context\":\"https:\\\/\\\/schema.org\",\"@graph\":[{\"@type\":\"Article\",\"@id\":\"https:\\\/\\\/tjdtuotanto.fi\\\/tj-design\\\/2024\\\/08\\\/23\\\/terapia-esikko-asikkala\\\/#article\",\"isPartOf\":{\"@id\":\"https:\\\/\\\/tjdtuotanto.fi\\\/tj-design\\\/2024\\\/08\\\/23\\\/terapia-esikko-asikkala\\\/\"},\"author\":{\"name\":\"tjdesign\",\"@id\":\"https:\\\/\\\/tjdtuotanto.fi\\\/tj-design\\\/#\\\/schema\\\/person\\\/31953e03265ff607ef20def067043b7b\"},\"headline\":\"Case: Terapia Esikko \u2013 verkkosivusto ja ilme uudelle yritykselle\",\"datePublished\":\"2024-08-23T11:32:00+00:00\",\"dateModified\":\"2026-08-24T12:24:06+00:00\",\"mainEntityOfPage\":{\"@id\":\"https:\\\/\\\/tjdtuotanto.fi\\\/tj-design\\\/2024\\\/08\\\/23\\\/terapia-esikko-asikkala\\\/\"},\"wordCount\":103,\"publisher\":{\"@id\":\"https:\\\/\\\/tjdtuotanto.fi\\\/tj-design\\\/#organization\"},\"image\":{\"@id\":\"https:\\\/\\\/tjdtuotanto.fi\\\/tj-design\\\/2024\\\/08\\\/23\\\/terapia-esikko-asikkala\\\/#primaryimage\"},\"thumbnailUrl\":\"https:\\\/\\\/tjdtuotanto.fi\\\/tj-design\\\/wp-content\\\/uploads\\\/2024\\\/12\\\/terapia_esikko.jpg\",\"keywords\":[\"asikkala\",\"kanta-h\u00e4me\",\"kotisivut\",\"kotisivut terapeutille\",\"kotisivut yritykselle\",\"v\u00e4\u00e4ksy\"],\"articleSection\":[\"Referenssit\"],\"inLanguage\":\"fi\"},{\"@type\":\"WebPage\",\"@id\":\"https:\\\/\\\/tjdtuotanto.fi\\\/tj-design\\\/2024\\\/08\\\/23\\\/terapia-esikko-asikkala\\\/\",\"url\":\"https:\\\/\\\/tjdtuotanto.fi\\\/tj-design\\\/2024\\\/08\\\/23\\\/terapia-esikko-asikkala\\\/\",\"name\":\"Terapia Esikko \u2013 verkkosivusto ja yritysilme | TJ-Design\",\"isPartOf\":{\"@id\":\"https:\\\/\\\/tjdtuotanto.fi\\\/tj-design\\\/#website\"},\"primaryImageOfPage\":{\"@id\":\"https:\\\/\\\/tjdtuotanto.fi\\\/tj-design\\\/2024\\\/08\\\/23\\\/terapia-esikko-asikkala\\\/#primaryimage\"},\"image\":{\"@id\":\"https:\\\/\\\/tjdtuotanto.fi\\\/tj-design\\\/2024\\\/08\\\/23\\\/terapia-esikko-asikkala\\\/#primaryimage\"},\"thumbnailUrl\":\"https:\\\/\\\/tjdtuotanto.fi\\\/tj-design\\\/wp-content\\\/uploads\\\/2024\\\/12\\\/terapia_esikko.jpg\",\"datePublished\":\"2024-08-23T11:32:00+00:00\",\"dateModified\":\"2026-08-24T12:24:06+00:00\",\"description\":\"TJ-Design suunnitteli Terapia Esikolle logon ja toteutti WordPress-verkkosivut lyhytterapia- ja et\u00e4palveluiden selke\u00e4\u00e4n esittelyyn.\",\"breadcrumb\":{\"@id\":\"https:\\\/\\\/tjdtuotanto.fi\\\/tj-design\\\/2024\\\/08\\\/23\\\/terapia-esikko-asikkala\\\/#breadcrumb\"},\"inLanguage\":\"fi\",\"potentialAction\":[{\"@type\":\"ReadAction\",\"target\":[\"https:\\\/\\\/tjdtuotanto.fi\\\/tj-design\\\/2024\\\/08\\\/23\\\/terapia-esikko-asikkala\\\/\"]}]},{\"@type\":\"ImageObject\",\"inLanguage\":\"fi\",\"@id\":\"https:\\\/\\\/tjdtuotanto.fi\\\/tj-design\\\/2024\\\/08\\\/23\\\/terapia-esikko-asikkala\\\/#primaryimage\",\"url\":\"https:\\\/\\\/tjdtuotanto.fi\\\/tj-design\\\/wp-content\\\/uploads\\\/2024\\\/12\\\/terapia_esikko.jpg\",\"contentUrl\":\"https:\\\/\\\/tjdtuotanto.fi\\\/tj-design\\\/wp-content\\\/uploads\\\/2024\\\/12\\\/terapia_esikko.jpg\",\"width\":1917,\"height\":1011,\"caption\":\"Terapia Esikon verkkosivut\"},{\"@type\":\"BreadcrumbList\",\"@id\":\"https:\\\/\\\/tjdtuotanto.fi\\\/tj-design\\\/2024\\\/08\\\/23\\\/terapia-esikko-asikkala\\\/#breadcrumb\",\"itemListElement\":[{\"@type\":\"ListItem\",\"position\":1,\"name\":\"Etusivu\",\"item\":\"https:\\\/\\\/tjdtuotanto.fi\\\/tj-design\\\/\"},{\"@type\":\"ListItem\",\"position\":2,\"name\":\"Case: Terapia Esikko \u2013 verkkosivusto ja ilme uudelle yritykselle\"}]},{\"@type\":\"WebSite\",\"@id\":\"https:\\\/\\\/tjdtuotanto.fi\\\/tj-design\\\/#website\",\"url\":\"https:\\\/\\\/tjdtuotanto.fi\\\/tj-design\\\/\",\"name\":\"TJ-Design\",\"description\":\"Verkkosivut ja digin\u00e4kyvyys yrityksille\",\"publisher\":{\"@id\":\"https:\\\/\\\/tjdtuotanto.fi\\\/tj-design\\\/#organization\"},\"potentialAction\":[{\"@type\":\"SearchAction\",\"target\":{\"@type\":\"EntryPoint\",\"urlTemplate\":\"https:\\\/\\\/tjdtuotanto.fi\\\/tj-design\\\/?s={search_term_string}\"},\"query-input\":{\"@type\":\"PropertyValueSpecification\",\"valueRequired\":true,\"valueName\":\"search_term_string\"}}],\"inLanguage\":\"fi\"},{\"@type\":\"Organization\",\"@id\":\"https:\\\/\\\/tjdtuotanto.fi\\\/tj-design\\\/#organization\",\"name\":\"TJ-Design\",\"url\":\"https:\\\/\\\/tjdtuotanto.fi\\\/tj-design\\\/\",\"logo\":{\"@type\":\"ImageObject\",\"inLanguage\":\"fi\",\"@id\":\"https:\\\/\\\/tjdtuotanto.fi\\\/tj-design\\\/#\\\/schema\\\/logo\\\/image\\\/\",\"url\":\"https:\\\/\\\/tjdtuotanto.fi\\\/tj-design\\\/wp-content\\\/uploads\\\/2024\\\/11\\\/kotisivut_yritykselle-1.png\",\"contentUrl\":\"https:\\\/\\\/tjdtuotanto.fi\\\/tj-design\\\/wp-content\\\/uploads\\\/2024\\\/11\\\/kotisivut_yritykselle-1.png\",\"width\":800,\"height\":287,\"caption\":\"TJ-Design\"},\"image\":{\"@id\":\"https:\\\/\\\/tjdtuotanto.fi\\\/tj-design\\\/#\\\/schema\\\/logo\\\/image\\\/\"},\"sameAs\":[\"https:\\\/\\\/www.facebook.com\\\/tjdfi\"]},{\"@type\":\"Person\",\"@id\":\"https:\\\/\\\/tjdtuotanto.fi\\\/tj-design\\\/#\\\/schema\\\/person\\\/31953e03265ff607ef20def067043b7b\",\"name\":\"tjdesign\",\"image\":{\"@type\":\"ImageObject\",\"inLanguage\":\"fi\",\"@id\":\"https:\\\/\\\/secure.gravatar.com\\\/avatar\\\/4b6e32c86d5ba6aae0be265757c29b449cd1187d01eae4fbaa35207afc322afc?s=96&d=mm&r=g\",\"url\":\"https:\\\/\\\/secure.gravatar.com\\\/avatar\\\/4b6e32c86d5ba6aae0be265757c29b449cd1187d01eae4fbaa35207afc322afc?s=96&d=mm&r=g\",\"contentUrl\":\"https:\\\/\\\/secure.gravatar.com\\\/avatar\\\/4b6e32c86d5ba6aae0be265757c29b449cd1187d01eae4fbaa35207afc322afc?s=96&d=mm&r=g\",\"caption\":\"tjdesign\"},\"sameAs\":[\"https:\\\/\\\/tjdtuotanto.fi\\\/tj-design\"]}]}<\/script>\n<!-- \/ Yoast SEO plugin. -->","yoast_head_json":{"title":"Terapia Esikko \u2013 verkkosivusto ja yritysilme | TJ-Design","description":"TJ-Design suunnitteli Terapia Esikolle logon ja toteutti WordPress-verkkosivut lyhytterapia- ja et\u00e4palveluiden selke\u00e4\u00e4n esittelyyn.","robots":{"index":"noindex","follow":"follow","max-snippet":"max-snippet:-1","max-image-preview":"max-image-preview:large","max-video-preview":"max-video-preview:-1"},"og_locale":"fi_FI","og_type":"article","og_title":"Terapia Esikko \u2013 verkkosivusto ja yritysilme | TJ-Design","og_description":"TJ-Design suunnitteli Terapia Esikolle logon ja toteutti WordPress-verkkosivut lyhytterapia- ja et\u00e4palveluiden selke\u00e4\u00e4n esittelyyn.","og_url":"https:\/\/tjdtuotanto.fi\/tj-design\/2024\/08\/23\/terapia-esikko-asikkala\/","og_site_name":"TJ-Design","article_publisher":"https:\/\/www.facebook.com\/tjdfi","article_published_time":"2024-08-23T11:32:00+00:00","article_modified_time":"2026-08-24T12:24:06+00:00","og_image":[{"width":1917,"height":1011,"url":"https:\/\/tjdtuotanto.fi\/tj-design\/wp-content\/uploads\/2024\/12\/terapia_esikko.jpg","type":"image\/jpeg"}],"author":"tjdesign","twitter_card":"summary_large_image","twitter_misc":{"Kirjoittanut":"tjdesign","Arvioitu lukuaika":"1 minuutti"},"schema":{"@context":"https:\/\/schema.org","@graph":[{"@type":"Article","@id":"https:\/\/tjdtuotanto.fi\/tj-design\/2024\/08\/23\/terapia-esikko-asikkala\/#article","isPartOf":{"@id":"https:\/\/tjdtuotanto.fi\/tj-design\/2024\/08\/23\/terapia-esikko-asikkala\/"},"author":{"name":"tjdesign","@id":"https:\/\/tjdtuotanto.fi\/tj-design\/#\/schema\/person\/31953e03265ff607ef20def067043b7b"},"headline":"Case: Terapia Esikko \u2013 verkkosivusto ja ilme uudelle yritykselle","datePublished":"2024-08-23T11:32:00+00:00","dateModified":"2026-08-24T12:24:06+00:00","mainEntityOfPage":{"@id":"https:\/\/tjdtuotanto.fi\/tj-design\/2024\/08\/23\/terapia-esikko-asikkala\/"},"wordCount":103,"publisher":{"@id":"https:\/\/tjdtuotanto.fi\/tj-design\/#organization"},"image":{"@id":"https:\/\/tjdtuotanto.fi\/tj-design\/2024\/08\/23\/terapia-esikko-asikkala\/#primaryimage"},"thumbnailUrl":"https:\/\/tjdtuotanto.fi\/tj-design\/wp-content\/uploads\/2024\/12\/terapia_esikko.jpg","keywords":["asikkala","kanta-h\u00e4me","kotisivut","kotisivut terapeutille","kotisivut yritykselle","v\u00e4\u00e4ksy"],"articleSection":["Referenssit"],"inLanguage":"fi"},{"@type":"WebPage","@id":"https:\/\/tjdtuotanto.fi\/tj-design\/2024\/08\/23\/terapia-esikko-asikkala\/","url":"https:\/\/tjdtuotanto.fi\/tj-design\/2024\/08\/23\/terapia-esikko-asikkala\/","name":"Terapia Esikko \u2013 verkkosivusto ja yritysilme | TJ-Design","isPartOf":{"@id":"https:\/\/tjdtuotanto.fi\/tj-design\/#website"},"primaryImageOfPage":{"@id":"https:\/\/tjdtuotanto.fi\/tj-design\/2024\/08\/23\/terapia-esikko-asikkala\/#primaryimage"},"image":{"@id":"https:\/\/tjdtuotanto.fi\/tj-design\/2024\/08\/23\/terapia-esikko-asikkala\/#primaryimage"},"thumbnailUrl":"https:\/\/tjdtuotanto.fi\/tj-design\/wp-content\/uploads\/2024\/12\/terapia_esikko.jpg","datePublished":"2024-08-23T11:32:00+00:00","dateModified":"2026-08-24T12:24:06+00:00","description":"TJ-Design suunnitteli Terapia Esikolle logon ja toteutti WordPress-verkkosivut lyhytterapia- ja et\u00e4palveluiden selke\u00e4\u00e4n esittelyyn.","breadcrumb":{"@id":"https:\/\/tjdtuotanto.fi\/tj-design\/2024\/08\/23\/terapia-esikko-asikkala\/#breadcrumb"},"inLanguage":"fi","potentialAction":[{"@type":"ReadAction","target":["https:\/\/tjdtuotanto.fi\/tj-design\/2024\/08\/23\/terapia-esikko-asikkala\/"]}]},{"@type":"ImageObject","inLanguage":"fi","@id":"https:\/\/tjdtuotanto.fi\/tj-design\/2024\/08\/23\/terapia-esikko-asikkala\/#primaryimage","url":"https:\/\/tjdtuotanto.fi\/tj-design\/wp-content\/uploads\/2024\/12\/terapia_esikko.jpg","contentUrl":"https:\/\/tjdtuotanto.fi\/tj-design\/wp-content\/uploads\/2024\/12\/terapia_esikko.jpg","width":1917,"height":1011,"caption":"Terapia Esikon verkkosivut"},{"@type":"BreadcrumbList","@id":"https:\/\/tjdtuotanto.fi\/tj-design\/2024\/08\/23\/terapia-esikko-asikkala\/#breadcrumb","itemListElement":[{"@type":"ListItem","position":1,"name":"Etusivu","item":"https:\/\/tjdtuotanto.fi\/tj-design\/"},{"@type":"ListItem","position":2,"name":"Case: Terapia Esikko \u2013 verkkosivusto ja ilme uudelle yritykselle"}]},{"@type":"WebSite","@id":"https:\/\/tjdtuotanto.fi\/tj-design\/#website","url":"https:\/\/tjdtuotanto.fi\/tj-design\/","name":"TJ-Design","description":"Verkkosivut ja digin\u00e4kyvyys yrityksille","publisher":{"@id":"https:\/\/tjdtuotanto.fi\/tj-design\/#organization"},"potentialAction":[{"@type":"SearchAction","target":{"@type":"EntryPoint","urlTemplate":"https:\/\/tjdtuotanto.fi\/tj-design\/?s={search_term_string}"},"query-input":{"@type":"PropertyValueSpecification","valueRequired":true,"valueName":"search_term_string"}}],"inLanguage":"fi"},{"@type":"Organization","@id":"https:\/\/tjdtuotanto.fi\/tj-design\/#organization","name":"TJ-Design","url":"https:\/\/tjdtuotanto.fi\/tj-design\/","logo":{"@type":"ImageObject","inLanguage":"fi","@id":"https:\/\/tjdtuotanto.fi\/tj-design\/#\/schema\/logo\/image\/","url":"https:\/\/tjdtuotanto.fi\/tj-design\/wp-content\/uploads\/2024\/11\/kotisivut_yritykselle-1.png","contentUrl":"https:\/\/tjdtuotanto.fi\/tj-design\/wp-content\/uploads\/2024\/11\/kotisivut_yritykselle-1.png","width":800,"height":287,"caption":"TJ-Design"},"image":{"@id":"https:\/\/tjdtuotanto.fi\/tj-design\/#\/schema\/logo\/image\/"},"sameAs":["https:\/\/www.facebook.com\/tjdfi"]},{"@type":"Person","@id":"https:\/\/tjdtuotanto.fi\/tj-design\/#\/schema\/person\/31953e03265ff607ef20def067043b7b","name":"tjdesign","image":{"@type":"ImageObject","inLanguage":"fi","@id":"https:\/\/secure.gravatar.com\/avatar\/4b6e32c86d5ba6aae0be265757c29b449cd1187d01eae4fbaa35207afc322afc?s=96&d=mm&r=g","url":"https:\/\/secure.gravatar.com\/avatar\/4b6e32c86d5ba6aae0be265757c29b449cd1187d01eae4fbaa35207afc322afc?s=96&d=mm&r=g","contentUrl":"https:\/\/secure.gravatar.com\/avatar\/4b6e32c86d5ba6aae0be265757c29b449cd1187d01eae4fbaa35207afc322afc?s=96&d=mm&r=g","caption":"tjdesign"},"sameAs":["https:\/\/tjdtuotanto.fi\/tj-design"]}]}},"_links":{"self":[{"href":"https:\/\/tjdtuotanto.fi\/tj-design\/wp-json\/wp\/v2\/posts\/327","targetHints":{"allow":["GET"]}}],"collection":[{"href":"https:\/\/tjdtuotanto.fi\/tj-design\/wp-json\/wp\/v2\/posts"}],"about":[{"href":"https:\/\/tjdtuotanto.fi\/tj-design\/wp-json\/wp\/v2\/types\/post"}],"author":[{"embeddable":true,"href":"https:\/\/tjdtuotanto.fi\/tj-design\/wp-json\/wp\/v2\/users\/1"}],"replies":[{"embeddable":true,"href":"https:\/\/tjdtuotanto.fi\/tj-design\/wp-json\/wp\/v2\/comments?post=327"}],"version-history":[{"count":4,"href":"https:\/\/tjdtuotanto.fi\/tj-design\/wp-json\/wp\/v2\/posts\/327\/revisions"}],"predecessor-version":[{"id":690,"href":"https:\/\/tjdtuotanto.fi\/tj-design\/wp-json\/wp\/v2\/posts\/327\/revisions\/690"}],"wp:featuredmedia":[{"embeddable":true,"href":"https:\/\/tjdtuotanto.fi\/tj-design\/wp-json\/wp\/v2\/media\/328"}],"wp:attachment":[{"href":"https:\/\/tjdtuotanto.fi\/tj-design\/wp-json\/wp\/v2\/media?parent=327"}],"wp:term":[{"taxonomy":"category","embeddable":true,"href":"https:\/\/tjdtuotanto.fi\/tj-design\/wp-json\/wp\/v2\/categories?post=327"},{"taxonomy":"post_tag","embeddable":true,"href":"https:\/\/tjdtuotanto.fi\/tj-design\/wp-json\/wp\/v2\/tags?post=327"}],"curies":[{"name":"wp","href":"https:\/\/api.w.org\/{rel}","templated":true}]}}